{"id":8761,"global_id":"esimard.com\/en\/?id=8761","global_id_lineage":["esimard.com\/en\/?id=8761"],"author":"1","status":"publish","date":"2023-01-17 20:42:13","date_utc":"2023-01-18 00:42:13","modified":"2023-01-17 20:42:13","modified_utc":"2023-01-18 00:42:13","url":"https:\/\/esimard.com\/en\/schedule\/la-fibromyalgie-les-causes-et-les-approches-naturelles-andre-perreault-pharmacien-et-eric-simard-docteur-en-biologie\/","rest_url":"https:\/\/esimard.com\/en\/wp-json\/tribe\/events\/v1\/events\/8761","title":"La fibromyalgie : les causes et les approches naturelles, Andr\u00e9 Perreault, pharmacien et Eric Simard, docteur en biologie.","description":"<p>Cette conf\u00e9rence est offerte par l\u2019Association de la fibromyalgie de la r\u00e9gion de Chaudi\u00e8re-Appalaches et l\u2019Association de la fibromyalgie de Qu\u00e9bec dans le cadre de la Journ\u00e9e internationale de la fibromyalgie (12 mai).<\/p>\n<p>La premi\u00e8re cause est l\u2019hypersensibilit\u00e9 centrale qui se d\u00e9finit par une source de douleur chronique qui entra\u00eene un d\u00e9r\u00e8glement de la gestion des sensations. Le cerveau ne sera donc plus en mesure de diff\u00e9rencier ce qui est vraiment de la douleur de ce qui ne l\u2019est pas. Certaines personnes peuvent aussi avoir un d\u00e9ficit ou une surproduction de certains neurotransmetteurs. Ceci faciliterait alors le d\u00e9veloppement de l\u2019hypersensibilit\u00e9 centrale. D\u2019autres facteurs, tels que l\u2019inflammation, l\u2019alimentation et le sommeil peuvent aussi jouer un r\u00f4le important.<\/p>\n<p>La deuxi\u00e8me cause est la pression du liquide c\u00e9phalo-rachidien. De couleur claire, ce liquide entoure le cerveau et le cervelet. Son r\u00f4le est de prot\u00e9ger la forme du cerveau et aussi de le prot\u00e9ger contre tous les chocs possibles. Il sert donc d\u2019amortisseur entre le cerveau et le cr\u00e2ne. Il faut savoir qu\u2019une trop grande pression de ce liquide causerait un drainage par l\u2019enveloppe des nerfs de la base du cerveau qui irriterait l\u2019enveloppe et entra\u00eenerait des douleurs g\u00e9n\u00e9ralis\u00e9es.<\/p>\n<p>La troisi\u00e8me et derni\u00e8re cause principale est la destruction des petites fibres p\u00e9riph\u00e9riques (neuropathie p\u00e9riph\u00e9rique). Celles-ci sont les extr\u00e9mit\u00e9s des fibres nerveuses qui d\u00e9tectent les sensations telles que la chaleur, le touch\u00e9, la vue, etc. Les raisons de leurs destructions restent inconnues jusqu\u2019\u00e0 maintenant.<br \/>\nDurant cette conf\u00e9rence, Eric Simard, docteur en biologie et chercheur (www.esimard.com) et Andr\u00e9 Perreault, pharmacien, passeront en revu les causes, mais aussi, les approches naturelles qui pourraient vous aider \u00e0 r\u00e9tablir une meilleure qualit\u00e9 de vie et peut-\u00eatre m\u00eame, vaincre la douleur. Ils seront disponibles pour r\u00e9pondre \u00e0 toutes vos questions.<\/p>","excerpt":"","slug":"la-fibromyalgie-les-causes-et-les-approches-naturelles-andre-perreault-pharmacien-et-eric-simard-docteur-en-biologie","image":false,"all_day":false,"start_date":"2023-05-11 19:00:00","start_date_details":{"year":"2023","month":"05","day":"11","hour":"19","minutes":"00","seconds":"00"},"end_date":"2023-05-11 19:00:00","end_date_details":{"year":"2023","month":"05","day":"11","hour":"19","minutes":"00","seconds":"00"},"utc_start_date":"2023-05-11 23:00:00","utc_start_date_details":{"year":"2023","month":"05","day":"11","hour":"23","minutes":"00","seconds":"00"},"utc_end_date":"2023-05-11 23:00:00","utc_end_date_details":{"year":"2023","month":"05","day":"11","hour":"23","minutes":"00","seconds":"00"},"timezone":"UTC-4","timezone_abbr":"UTC-4","cost":"","cost_details":{"currency_symbol":"","currency_code":"","currency_position":"suffix","values":[]},"website":"https:\/\/us02web.zoom.us\/webinar\/register\/WN_HtJF8HOLS9WdBaQwOKj3UA","show_map":false,"show_map_link":false,"hide_from_listings":false,"sticky":false,"featured":false,"categories":[],"tags":[],"venue":[],"organizer":[],"custom_fields":[],"json_ld":{"@context":"http:\/\/schema.org","@type":"Event","name":"La fibromyalgie : les causes et les approches naturelles, Andr\u00e9 Perreault, pharmacien et Eric Simard, docteur en biologie.","description":"&lt;p&gt;Cette conf\u00e9rence est offerte par l\u2019Association de la fibromyalgie de la r\u00e9gion de Chaudi\u00e8re-Appalaches et l\u2019Association de la fibromyalgie de Qu\u00e9bec dans le cadre de la Journ\u00e9e internationale de la [&hellip;]&lt;\/p&gt;\\n","url":"https:\/\/esimard.com\/en\/schedule\/la-fibromyalgie-les-causes-et-les-approches-naturelles-andre-perreault-pharmacien-et-eric-simard-docteur-en-biologie\/","eventAttendanceMode":"https:\/\/schema.org\/OfflineEventAttendanceMode","eventStatus":"https:\/\/schema.org\/EventScheduled","startDate":"2023-05-11T19:00:00-04:00","endDate":"2023-05-11T19:00:00-04:00","performer":"Organization"}}